{"id":5601,"date":"2021-09-17T13:17:01","date_gmt":"2021-09-17T10:17:01","guid":{"rendered":"https:\/\/www.generalconstruct.ro\/zellenkoerper-mit-nebengebaeuden-im-kloster-dragomirna\/"},"modified":"2022-06-03T14:12:28","modified_gmt":"2022-06-03T11:12:28","slug":"zellenkoerper-mit-nebengebaeuden-im-kloster-dragomirna","status":"publish","type":"post","link":"https:\/\/www.generalconstruct.ro\/de\/zellenkoerper-mit-nebengebaeuden-im-kloster-dragomirna\/","title":{"rendered":"Zellenk\u00f6rper mit Nebengeb\u00e4uden im Kloster Dragomirna"},"content":{"rendered":"\t\t<div data-elementor-type=\"wp-post\" data-elementor-id=\"5601\" class=\"elementor elementor-5601 elementor-2088\">\n\t\t\t\t\t\t<section class=\"elementor-section elementor-top-section elementor-element elementor-element-12db7b5f elementor-section-content-middle elementor-section-boxed elementor-section-height-default elementor-section-height-default\" data-id=\"12db7b5f\" data-element_type=\"section\" data-e-type=\"section\" data-settings=\"{&quot;background_background&quot;:&quot;classic&quot;}\">\n\t\t\t\t\t\t<div class=\"elementor-container elementor-column-gap-no\">\n\t\t\t\t\t<div class=\"elementor-column elementor-col-100 elementor-top-column elementor-element elementor-element-798f2e2e\" data-id=\"798f2e2e\" data-element_type=\"column\" data-e-type=\"column\">\n\t\t\t<div class=\"elementor-widget-wrap elementor-element-populated\">\n\t\t\t\t\t\t<div class=\"elementor-element elementor-element-3c3ff7c1 elementor-widget elementor-widget-heading\" data-id=\"3c3ff7c1\" data-element_type=\"widget\" data-e-type=\"widget\" data-widget_type=\"heading.default\">\n\t\t\t\t<div class=\"elementor-widget-container\">\n\t\t\t\t\t<span class=\"elementor-heading-title elementor-size-default\">STUDIEN<\/span>\t\t\t\t<\/div>\n\t\t\t\t<\/div>\n\t\t\t\t<div class=\"elementor-element elementor-element-6c858551 elementor-widget__width-auto elementor-widget elementor-widget-heading\" data-id=\"6c858551\" data-element_type=\"widget\" data-e-type=\"widget\" data-widget_type=\"heading.default\">\n\t\t\t\t<div class=\"elementor-widget-container\">\n\t\t\t\t\t<h6 class=\"elementor-heading-title elementor-size-default\">PROJEKTANALYSE<\/h6>\t\t\t\t<\/div>\n\t\t\t\t<\/div>\n\t\t\t\t<div class=\"elementor-element elementor-element-7821f048 elementor-widget elementor-widget-heading\" data-id=\"7821f048\" data-element_type=\"widget\" data-e-type=\"widget\" data-widget_type=\"heading.default\">\n\t\t\t\t<div class=\"elementor-widget-container\">\n\t\t\t\t\t<h2 class=\"elementor-heading-title elementor-size-default\">Zellenk\u00f6rper mit Nebengeb\u00e4uden im Kloster Dragomirna<\/h2>\t\t\t\t<\/div>\n\t\t\t\t<\/div>\n\t\t\t\t<div class=\"elementor-element elementor-element-7ce86bd elementor-widget elementor-widget-text-editor\" data-id=\"7ce86bd\" data-element_type=\"widget\" data-e-type=\"widget\" data-widget_type=\"text-editor.default\">\n\t\t\t\t<div class=\"elementor-widget-container\">\n\t\t\t\t\t\t\t\t\t<p>Das Kloster Dragomirna ist ein historisches Denkmal, eingetragen im LMI 2010, po2 305, Code SV-II-a-A-05577.<br>Der Bau erfolgt auf dem Grundst\u00fcck im bebauten Gebiet des Dorfes Dragomirna, das dem Kloster Dragomirna geh\u00f6rt, an der Stelle des heutigen Archondars f\u00fcr Pilger, f\u00fcr das die Abrissgenehmigung erteilt wurde.<br>Der Bau f\u00fcgt sich sowohl durch das geschaffene Volumen als auch durch die Au\u00dfenverkleidung in die Atmosph\u00e4re des Klosters ein. Der Haupteingang befindet sich an der Westfassade, in der N\u00e4he des neu geschaffenen Parkplatzes.<\/p>\t\t\t\t\t\t\t\t<\/div>\n\t\t\t\t<\/div>\n\t\t\t\t<div class=\"elementor-element elementor-element-e1e73ab gallery-spacing-custom elementor-widget elementor-widget-image-gallery\" data-id=\"e1e73ab\" data-element_type=\"widget\" data-e-type=\"widget\" data-widget_type=\"image-gallery.default\">\n\t\t\t\t<div class=\"elementor-widget-container\">\n\t\t\t\t\t\t\t<div class=\"elementor-image-gallery\">\n\t\t\t<div id='gallery-1' class='gallery galleryid-5601 gallery-columns-3 gallery-size-medium'><figure class='gallery-item'>\n\t\t\t<div class='gallery-icon landscape'>\n\t\t\t\t<a data-elementor-open-lightbox=\"yes\" data-elementor-lightbox-slideshow=\"e1e73ab\" data-elementor-lightbox-title=\"chilii1\" data-e-action-hash=\"#elementor-action%3Aaction%3Dlightbox%26settings%3DeyJpZCI6NDMyNywidXJsIjoiaHR0cHM6XC9cL3d3dy5nZW5lcmFsY29uc3RydWN0LnJvXC93cC1jb250ZW50XC91cGxvYWRzXC8yMDIxXC8wOVwvY2hpbGlpMS5qcGciLCJzbGlkZXNob3ciOiJlMWU3M2FiIn0%3D\" href='https:\/\/www.generalconstruct.ro\/wp-content\/uploads\/2021\/09\/chilii1.jpg'><img fetchpriority=\"high\" decoding=\"async\" width=\"300\" height=\"167\" src=\"https:\/\/www.generalconstruct.ro\/wp-content\/uploads\/2021\/09\/chilii1-300x167.jpg\" class=\"attachment-medium size-medium\" alt=\"\" srcset=\"https:\/\/www.generalconstruct.ro\/wp-content\/uploads\/2021\/09\/chilii1-300x167.jpg 300w, https:\/\/www.generalconstruct.ro\/wp-content\/uploads\/2021\/09\/chilii1-1024x569.jpg 1024w, https:\/\/www.generalconstruct.ro\/wp-content\/uploads\/2021\/09\/chilii1-768x427.jpg 768w, https:\/\/www.generalconstruct.ro\/wp-content\/uploads\/2021\/09\/chilii1.jpg 1354w\" sizes=\"(max-width: 300px) 100vw, 300px\" \/><\/a>\n\t\t\t<\/div><\/figure><figure class='gallery-item'>\n\t\t\t<div class='gallery-icon landscape'>\n\t\t\t\t<a data-elementor-open-lightbox=\"yes\" data-elementor-lightbox-slideshow=\"e1e73ab\" data-elementor-lightbox-title=\"stud_chilii2\" data-e-action-hash=\"#elementor-action%3Aaction%3Dlightbox%26settings%3DeyJpZCI6NDMyOCwidXJsIjoiaHR0cHM6XC9cL3d3dy5nZW5lcmFsY29uc3RydWN0LnJvXC93cC1jb250ZW50XC91cGxvYWRzXC8yMDIxXC8wOVwvc3R1ZF9jaGlsaWkyLmpwZyIsInNsaWRlc2hvdyI6ImUxZTczYWIifQ%3D%3D\" href='https:\/\/www.generalconstruct.ro\/wp-content\/uploads\/2021\/09\/stud_chilii2.jpg'><img decoding=\"async\" width=\"300\" height=\"167\" src=\"https:\/\/www.generalconstruct.ro\/wp-content\/uploads\/2021\/09\/stud_chilii2-300x167.jpg\" class=\"attachment-medium size-medium\" alt=\"\" srcset=\"https:\/\/www.generalconstruct.ro\/wp-content\/uploads\/2021\/09\/stud_chilii2-300x167.jpg 300w, https:\/\/www.generalconstruct.ro\/wp-content\/uploads\/2021\/09\/stud_chilii2-1024x569.jpg 1024w, https:\/\/www.generalconstruct.ro\/wp-content\/uploads\/2021\/09\/stud_chilii2-768x427.jpg 768w, https:\/\/www.generalconstruct.ro\/wp-content\/uploads\/2021\/09\/stud_chilii2.jpg 1354w\" sizes=\"(max-width: 300px) 100vw, 300px\" \/><\/a>\n\t\t\t<\/div><\/figure><figure class='gallery-item'>\n\t\t\t<div class='gallery-icon landscape'>\n\t\t\t\t<a data-elementor-open-lightbox=\"yes\" data-elementor-lightbox-slideshow=\"e1e73ab\" data-elementor-lightbox-title=\"stud_chilii1\" data-e-action-hash=\"#elementor-action%3Aaction%3Dlightbox%26settings%3DeyJpZCI6NDMyOSwidXJsIjoiaHR0cHM6XC9cL3d3dy5nZW5lcmFsY29uc3RydWN0LnJvXC93cC1jb250ZW50XC91cGxvYWRzXC8yMDIxXC8wOVwvc3R1ZF9jaGlsaWkxLmpwZyIsInNsaWRlc2hvdyI6ImUxZTczYWIifQ%3D%3D\" href='https:\/\/www.generalconstruct.ro\/wp-content\/uploads\/2021\/09\/stud_chilii1.jpg'><img decoding=\"async\" width=\"300\" height=\"167\" src=\"https:\/\/www.generalconstruct.ro\/wp-content\/uploads\/2021\/09\/stud_chilii1-300x167.jpg\" class=\"attachment-medium size-medium\" alt=\"\" srcset=\"https:\/\/www.generalconstruct.ro\/wp-content\/uploads\/2021\/09\/stud_chilii1-300x167.jpg 300w, https:\/\/www.generalconstruct.ro\/wp-content\/uploads\/2021\/09\/stud_chilii1-1024x569.jpg 1024w, https:\/\/www.generalconstruct.ro\/wp-content\/uploads\/2021\/09\/stud_chilii1-768x427.jpg 768w, https:\/\/www.generalconstruct.ro\/wp-content\/uploads\/2021\/09\/stud_chilii1.jpg 1354w\" sizes=\"(max-width: 300px) 100vw, 300px\" \/><\/a>\n\t\t\t<\/div><\/figure>\n\t\t<\/div>\n\t\t<\/div>\n\t\t\t\t\t\t<\/div>\n\t\t\t\t<\/div>\n\t\t\t\t<div class=\"elementor-element elementor-element-f170b5a elementor-widget elementor-widget-text-editor\" data-id=\"f170b5a\" data-element_type=\"widget\" data-e-type=\"widget\" data-widget_type=\"text-editor.default\">\n\t\t\t\t<div class=\"elementor-widget-container\">\n\t\t\t\t\t\t\t\t\t<p>An der gleichen Fassade befindet sich auch ein Nebeneingang, der einer der m\u00f6glichen Zug\u00e4nge zur K\u00fcche ist. An der Nordfassade, in der N\u00e4he des Haupteingangs, befindet sich der Zugang zum Konferenzraum und an der Ostfassade der Zugang zum Bereich der Arztpraxen. All diese Funktionen sind auch von innen zug\u00e4nglich. Im Untergeschoss, an der S\u00fcdfassade, befindet sich der Dienstzugang und der Zugang zur Zentralheizung.<br>Die durch die Anlage von Gehwegen, Autoverkehr und Parkpl\u00e4tzen entstehenden Fl\u00e4chen im Umfeld der Bebauung werden als Gr\u00fcnfl\u00e4chen behandelt und auf einer Fl\u00e4che von rund 500 m\u00b2 mit Rasen, Str\u00e4uchern und Zierb\u00e4umen gestaltet.<\/p>\t\t\t\t\t\t\t\t<\/div>\n\t\t\t\t<\/div>\n\t\t\t\t<div class=\"elementor-element elementor-element-ea198e7 elementor-widget elementor-widget-text-editor\" data-id=\"ea198e7\" data-element_type=\"widget\" data-e-type=\"widget\" data-widget_type=\"text-editor.default\">\n\t\t\t\t<div class=\"elementor-widget-container\">\n\t\t\t\t\t\t\t\t\t<p><strong>Keller<\/strong><br>Im Untergeschoss befinden sich die Werkst\u00e4tten f\u00fcr verschiedene T\u00e4tigkeiten (Bildhauerei, Heilpflanzen, Buchrestaurierung, Chorproberaum) und dazugeh\u00f6rige Lagerr\u00e4ume, eine B\u00e4ckerei mit Umkleideraum f\u00fcr das Personal, K\u00fchl- und Lebensmittellager, eine Warenannahme und sanit\u00e4re Anlagen. Au\u00dferdem befindet sich im Untergeschoss ein Lastenaufzug, der den Transport verschiedener Materialien in alle anderen Ebenen erm\u00f6glicht.<\/p>\t\t\t\t\t\t\t\t<\/div>\n\t\t\t\t<\/div>\n\t\t\t\t<div class=\"elementor-element elementor-element-606ad27 elementor-widget elementor-widget-text-editor\" data-id=\"606ad27\" data-element_type=\"widget\" data-e-type=\"widget\" data-widget_type=\"text-editor.default\">\n\t\t\t\t<div class=\"elementor-widget-container\">\n\t\t\t\t\t\t\t\t\t<p><strong>Erdgeschoss<\/strong><br>Das Erdgeschoss wird in drei Bereiche aufgeteilt: der Essbereich mit voll ausgestatteter K\u00fcche und Speisesaal, der Verwaltungsbereich mit B\u00fcro und Besprechungsraum, beide Bereiche mit Zugang zu B\u00e4dern auf dieser Ebene und der dritte Bereich, den der Arztpraxen (Zahnarzt- und Pflegepraxis).<\/p>\t\t\t\t\t\t\t\t<\/div>\n\t\t\t\t<\/div>\n\t\t\t\t<div class=\"elementor-element elementor-element-b272d1d elementor-widget elementor-widget-text-editor\" data-id=\"b272d1d\" data-element_type=\"widget\" data-e-type=\"widget\" data-widget_type=\"text-editor.default\">\n\t\t\t\t<div class=\"elementor-widget-container\">\n\t\t\t\t\t\t\t\t\t<p><strong>Obergeschoss<\/strong><br>Im ersten Stock befinden sich die Klosterzellen, Zimmer f\u00fcr eine oder zwei Personen, Toiletten und B\u00e4der, Waschk\u00fcche, Trockenraum, Gebetsraum und ein Mehrzweckraum. Jede Zelle ist mit einem Waschbecken und entsprechendem Mobiliar ausgestattet. Toiletten und Waschr\u00e4ume befinden auf jeder Ebene. Im Dachgeschoss gibt es einen weiteren Wohnbereich mit Zimmer f\u00fcr ein bis zwei Personen. Toiletten und B\u00e4der werden gemeinsam genutzt.<br>Die Widerstandsstruktur des Geb\u00e4udes besteht aus Stahlbetonpfeilern und -balken sowie Ziegelw\u00e4nden. Das Dach besteht aus einem Holzrahmensystem mit vorgestrichener Flachblecheindeckung in dunkelgrauer matter Farbe.<br>Das gew\u00e4hlte Gr\u00fcndungssystem ist ein Netzwerk aus Stahlbetontr\u00e4gern, um differenzierte Setzungen auszugleichen und zu vermeiden. Die Fundamente bestehen aus Stahlbeton C16\/20, haben einen Querschnitt von 55 cm x 100 cm und werden auf einer 10 cm dicken Ausgleichsbetonschicht C6\/7,5 aufgesetzt. F\u00fcr alle Stiftungen betr\u00e4gt die Gr\u00fcndungsquote -4,5 gegen\u00fcber der Quote = \/ &#8211; 0,00 des Geb\u00e4udes.<br>Aufs\u00e4tze und Kellerw\u00e4nde werden in Beton ausgef\u00fchrt. Die Au\u00dfenausstattung ist einfach, hochwertig, technisch gepr\u00fcft, ortsspezifisch und widerspricht nicht der Atmosph\u00e4re des Klosters.<\/p>\t\t\t\t\t\t\t\t<\/div>\n\t\t\t\t<\/div>\n\t\t\t\t<div class=\"elementor-element elementor-element-72b792e elementor-widget elementor-widget-text-editor\" data-id=\"72b792e\" data-element_type=\"widget\" data-e-type=\"widget\" data-widget_type=\"text-editor.default\">\n\t\t\t\t<div class=\"elementor-widget-container\">\n\t\t\t\t\t\t\t\t\t<p>Die vorgeschlagenen Ausf\u00fchrungen sind wie folgt:<\/p><ul><li>Schichtholztischlerei mit Isolierglas<\/li><li>wei\u00dfer Zier Putz mit 2 mm K\u00f6rnung, auf feuerfestem Thermosystem aus expandiertem Polystyrol<\/li><li>impr\u00e4gniertes und gebeiztes Sperrholz, montiert auf dem tragenden Skelett an der Fassade<\/li><li>grauer Zier Putz auf dem Sockel<\/li><li>dunkelgrau vorlackiertes Flachblech in schmalen Querstreifen auf dem Dach montiert<\/li><li>Granitflie\u00dfen auf den B\u00f6den und Au\u00dfentreppen<\/li><li>dunkelgraue vorlackierte Flachblech f\u00fcr Dachrinnen und Fallrohre<\/li><\/ul>\t\t\t\t\t\t\t\t<\/div>\n\t\t\t\t<\/div>\n\t\t\t\t<div class=\"elementor-element elementor-element-ceed21d elementor-widget elementor-widget-text-editor\" data-id=\"ceed21d\" data-element_type=\"widget\" data-e-type=\"widget\" data-widget_type=\"text-editor.default\">\n\t\t\t\t<div class=\"elementor-widget-container\">\n\t\t\t\t\t\t\t\t\t<p>Die vorgeschlagenen Innenausstattungen sind wie folgt:<\/p><ul><li>Fu\u00dfb\u00f6den aus Porzellankeramik<\/li><li>Laminatboden<\/li><li>geflieste B\u00e4der und K\u00fcche<\/li><li>Standardputz<\/li><li>Wei\u00dfe abwaschbare Kalkfarbe<\/li><li>Innenausbau aus Holz<\/li><li>PVC-Innenschreinerei<\/li><li>12,5 mm dicke Gipskartondecken, auf Metallstruktur.<\/li><\/ul>\t\t\t\t\t\t\t\t<\/div>\n\t\t\t\t<\/div>\n\t\t\t\t\t<\/div>\n\t\t<\/div>\n\t\t\t\t\t<\/div>\n\t\t<\/section>\n\t\t\t\t<\/div>\n\t\t","protected":false},"excerpt":{"rendered":"<p>STUDIEN PROJEKTANALYSE Zellenk\u00f6rper mit Nebengeb\u00e4uden im Kloster Dragomirna Das Kloster Dragomirna ist ein historisches Denkmal, eingetragen im LMI 2010, po2 305, Code SV-II-a-A-05577.Der Bau erfolgt auf dem Grundst\u00fcck im bebauten Gebiet des Dorfes Dragomirna, das dem Kloster Dragomirna geh\u00f6rt, an der Stelle des heutigen Archondars f\u00fcr Pilger, f\u00fcr das die Abrissgenehmigung erteilt wurde.Der Bau f\u00fcgt &hellip;<\/p>\n<p class=\"read-more\"> <a class=\"\" href=\"https:\/\/www.generalconstruct.ro\/de\/zellenkoerper-mit-nebengebaeuden-im-kloster-dragomirna\/\"> <span class=\"screen-reader-text\">Zellenk\u00f6rper mit Nebengeb\u00e4uden im Kloster Dragomirna<\/span> Weiterlesen &raquo;<\/a><\/p>\n","protected":false},"author":1,"featured_media":4326,"comment_status":"closed","ping_status":"open","sticky":false,"template":"","format":"standard","meta":{"site-sidebar-layout":"default","site-content-layout":"default","ast-main-header-display":"","ast-hfb-above-header-display":"","ast-hfb-below-header-display":"","ast-hfb-mobile-header-display":"","site-post-title":"","ast-breadcrumbs-content":"","ast-featured-img":"","footer-sml-layout":"","theme-transparent-header-meta":"default","adv-header-id-meta":"","stick-header-meta":"","header-above-stick-meta":"","header-main-stick-meta":"","header-below-stick-meta":"","footnotes":""},"categories":[32],"tags":[],"class_list":["post-5601","post","type-post","status-publish","format-standard","has-post-thumbnail","hentry","category-studien"],"_links":{"self":[{"href":"https:\/\/www.generalconstruct.ro\/de\/wp-json\/wp\/v2\/posts\/5601","targetHints":{"allow":["GET"]}}],"collection":[{"href":"https:\/\/www.generalconstruct.ro\/de\/wp-json\/wp\/v2\/posts"}],"about":[{"href":"https:\/\/www.generalconstruct.ro\/de\/wp-json\/wp\/v2\/types\/post"}],"author":[{"embeddable":true,"href":"https:\/\/www.generalconstruct.ro\/de\/wp-json\/wp\/v2\/users\/1"}],"replies":[{"embeddable":true,"href":"https:\/\/www.generalconstruct.ro\/de\/wp-json\/wp\/v2\/comments?post=5601"}],"version-history":[{"count":1,"href":"https:\/\/www.generalconstruct.ro\/de\/wp-json\/wp\/v2\/posts\/5601\/revisions"}],"predecessor-version":[{"id":5602,"href":"https:\/\/www.generalconstruct.ro\/de\/wp-json\/wp\/v2\/posts\/5601\/revisions\/5602"}],"wp:featuredmedia":[{"embeddable":true,"href":"https:\/\/www.generalconstruct.ro\/de\/wp-json\/wp\/v2\/media\/4326"}],"wp:attachment":[{"href":"https:\/\/www.generalconstruct.ro\/de\/wp-json\/wp\/v2\/media?parent=5601"}],"wp:term":[{"taxonomy":"category","embeddable":true,"href":"https:\/\/www.generalconstruct.ro\/de\/wp-json\/wp\/v2\/categories?post=5601"},{"taxonomy":"post_tag","embeddable":true,"href":"https:\/\/www.generalconstruct.ro\/de\/wp-json\/wp\/v2\/tags?post=5601"}],"curies":[{"name":"wp","href":"https:\/\/api.w.org\/{rel}","templated":true}]}}