{"id":5593,"date":"2021-09-17T11:55:26","date_gmt":"2021-09-17T08:55:26","guid":{"rendered":"https:\/\/www.generalconstruct.ro\/sanierung-der-zitadelle-suceava-und-ihres-schutzgebiets\/"},"modified":"2022-06-03T12:59:55","modified_gmt":"2022-06-03T09:59:55","slug":"sanierung-der-zitadelle-suceava-und-ihres-schutzgebiets","status":"publish","type":"post","link":"https:\/\/www.generalconstruct.ro\/de\/sanierung-der-zitadelle-suceava-und-ihres-schutzgebiets\/","title":{"rendered":"Sanierung der Zitadelle Suceava und ihres Schutzgebiets"},"content":{"rendered":"\t\t<div data-elementor-type=\"wp-post\" data-elementor-id=\"5593\" class=\"elementor elementor-5593 elementor-2052\">\n\t\t\t\t\t\t<section class=\"elementor-section elementor-top-section elementor-element elementor-element-3eefdfaf elementor-section-content-middle elementor-section-boxed elementor-section-height-default elementor-section-height-default\" data-id=\"3eefdfaf\" data-element_type=\"section\" data-e-type=\"section\" data-settings=\"{&quot;background_background&quot;:&quot;classic&quot;}\">\n\t\t\t\t\t\t<div class=\"elementor-container elementor-column-gap-no\">\n\t\t\t\t\t<div class=\"elementor-column elementor-col-100 elementor-top-column elementor-element elementor-element-7572d04b\" data-id=\"7572d04b\" data-element_type=\"column\" data-e-type=\"column\">\n\t\t\t<div class=\"elementor-widget-wrap elementor-element-populated\">\n\t\t\t\t\t\t<div class=\"elementor-element elementor-element-77ac43dc elementor-widget elementor-widget-heading\" data-id=\"77ac43dc\" data-element_type=\"widget\" data-e-type=\"widget\" data-widget_type=\"heading.default\">\n\t\t\t\t<div class=\"elementor-widget-container\">\n\t\t\t\t\t<span class=\"elementor-heading-title elementor-size-default\">STUDIEN<\/span>\t\t\t\t<\/div>\n\t\t\t\t<\/div>\n\t\t\t\t<div class=\"elementor-element elementor-element-37f4cc80 elementor-widget__width-auto elementor-widget elementor-widget-heading\" data-id=\"37f4cc80\" data-element_type=\"widget\" data-e-type=\"widget\" data-widget_type=\"heading.default\">\n\t\t\t\t<div class=\"elementor-widget-container\">\n\t\t\t\t\t<h6 class=\"elementor-heading-title elementor-size-default\">PROJEKTANALYSE<\/h6>\t\t\t\t<\/div>\n\t\t\t\t<\/div>\n\t\t\t\t<div class=\"elementor-element elementor-element-4fdce822 elementor-widget elementor-widget-heading\" data-id=\"4fdce822\" data-element_type=\"widget\" data-e-type=\"widget\" data-widget_type=\"heading.default\">\n\t\t\t\t<div class=\"elementor-widget-container\">\n\t\t\t\t\t<h2 class=\"elementor-heading-title elementor-size-default\">Sanierung der Zitadelle Suceava und ihres Schutzgebiets<\/h2>\t\t\t\t<\/div>\n\t\t\t\t<\/div>\n\t\t\t\t<div class=\"elementor-element elementor-element-5394fea8 elementor-widget elementor-widget-text-editor\" data-id=\"5394fea8\" data-element_type=\"widget\" data-e-type=\"widget\" data-widget_type=\"text-editor.default\">\n\t\t\t\t<div class=\"elementor-widget-container\">\n\t\t\t\t\t\t\t\t\t<p>Das spezifische Ziel des Projekts besteht darin, die Attraktivit\u00e4t der Festung Suceava und ihres Schutzgebiets zu erh\u00f6hen, um den Tourismus zu entwickeln und das Wirtschaftswachstum von Suceava zu f\u00f6rdern.<br>Die vorgeschlagene technische L\u00f6sung entspricht vollkommend dem Zweck und den Zielen, die sie verfolgt:<\/p>\t\t\t\t\t\t\t\t<\/div>\n\t\t\t\t<\/div>\n\t\t\t\t<div class=\"elementor-element elementor-element-2cb1405 elementor-widget elementor-widget-text-editor\" data-id=\"2cb1405\" data-element_type=\"widget\" data-e-type=\"widget\" data-widget_type=\"text-editor.default\">\n\t\t\t\t<div class=\"elementor-widget-container\">\n\t\t\t\t\t\t\t\t\t<ul><li>Sanierung und Konsolidierung der Zitadelle Suceava, d.h. Vergr\u00f6\u00dferung der sanierten Fl\u00e4che um 13,26% (von 4404,7 qm auf 4988,7 qm).<\/li><li>Wiederherstellung der Nutzung (durch Verschlie\u00dfen und Abdecken) aller verbleibenden unbedeckten Fl\u00e4chen, die einer Verschlechterung unterliegen<br>Konsolidierung der Zitadelle<\/li><li>Sicherstellung des Zugangs zu den Versorgungseinrichtungen (Wasser, Abwasser, Strom, Heizung) und des Zugangs zu dem historischen Denkmal, auch f\u00fcr Personen mit eingeschr\u00e4nkter Mobilit\u00e4t<\/li><\/ul>\t\t\t\t\t\t\t\t<\/div>\n\t\t\t\t<\/div>\n\t\t\t\t<div class=\"elementor-element elementor-element-ea255ed gallery-spacing-custom elementor-widget elementor-widget-image-gallery\" data-id=\"ea255ed\" data-element_type=\"widget\" data-e-type=\"widget\" data-widget_type=\"image-gallery.default\">\n\t\t\t\t<div class=\"elementor-widget-container\">\n\t\t\t\t\t\t\t<div class=\"elementor-image-gallery\">\n\t\t\t<div id='gallery-1' class='gallery galleryid-5593 gallery-columns-3 gallery-size-medium'><figure class='gallery-item'>\n\t\t\t<div class='gallery-icon landscape'>\n\t\t\t\t<a data-elementor-open-lightbox=\"yes\" data-elementor-lightbox-slideshow=\"ea255ed\" data-elementor-lightbox-title=\"stud_cetate1\" data-e-action-hash=\"#elementor-action%3Aaction%3Dlightbox%26settings%3DeyJpZCI6NDMxNSwidXJsIjoiaHR0cHM6XC9cL3d3dy5nZW5lcmFsY29uc3RydWN0LnJvXC93cC1jb250ZW50XC91cGxvYWRzXC8yMDIxXC8wOVwvc3R1ZF9jZXRhdGUxLmpwZyIsInNsaWRlc2hvdyI6ImVhMjU1ZWQifQ%3D%3D\" href='https:\/\/www.generalconstruct.ro\/wp-content\/uploads\/2021\/09\/stud_cetate1.jpg'><img fetchpriority=\"high\" decoding=\"async\" width=\"300\" height=\"167\" src=\"https:\/\/www.generalconstruct.ro\/wp-content\/uploads\/2021\/09\/stud_cetate1-300x167.jpg\" class=\"attachment-medium size-medium\" alt=\"\" srcset=\"https:\/\/www.generalconstruct.ro\/wp-content\/uploads\/2021\/09\/stud_cetate1-300x167.jpg 300w, https:\/\/www.generalconstruct.ro\/wp-content\/uploads\/2021\/09\/stud_cetate1-1024x569.jpg 1024w, https:\/\/www.generalconstruct.ro\/wp-content\/uploads\/2021\/09\/stud_cetate1-768x427.jpg 768w, https:\/\/www.generalconstruct.ro\/wp-content\/uploads\/2021\/09\/stud_cetate1.jpg 1354w\" sizes=\"(max-width: 300px) 100vw, 300px\" \/><\/a>\n\t\t\t<\/div><\/figure><figure class='gallery-item'>\n\t\t\t<div class='gallery-icon landscape'>\n\t\t\t\t<a data-elementor-open-lightbox=\"yes\" data-elementor-lightbox-slideshow=\"ea255ed\" data-elementor-lightbox-title=\"stud_cetate3\" data-e-action-hash=\"#elementor-action%3Aaction%3Dlightbox%26settings%3DeyJpZCI6NDMxNiwidXJsIjoiaHR0cHM6XC9cL3d3dy5nZW5lcmFsY29uc3RydWN0LnJvXC93cC1jb250ZW50XC91cGxvYWRzXC8yMDIxXC8wOVwvc3R1ZF9jZXRhdGUzLmpwZyIsInNsaWRlc2hvdyI6ImVhMjU1ZWQifQ%3D%3D\" href='https:\/\/www.generalconstruct.ro\/wp-content\/uploads\/2021\/09\/stud_cetate3.jpg'><img decoding=\"async\" width=\"300\" height=\"167\" src=\"https:\/\/www.generalconstruct.ro\/wp-content\/uploads\/2021\/09\/stud_cetate3-300x167.jpg\" class=\"attachment-medium size-medium\" alt=\"\" srcset=\"https:\/\/www.generalconstruct.ro\/wp-content\/uploads\/2021\/09\/stud_cetate3-300x167.jpg 300w, https:\/\/www.generalconstruct.ro\/wp-content\/uploads\/2021\/09\/stud_cetate3-1024x569.jpg 1024w, https:\/\/www.generalconstruct.ro\/wp-content\/uploads\/2021\/09\/stud_cetate3-768x427.jpg 768w, https:\/\/www.generalconstruct.ro\/wp-content\/uploads\/2021\/09\/stud_cetate3.jpg 1354w\" sizes=\"(max-width: 300px) 100vw, 300px\" \/><\/a>\n\t\t\t<\/div><\/figure><figure class='gallery-item'>\n\t\t\t<div class='gallery-icon landscape'>\n\t\t\t\t<a data-elementor-open-lightbox=\"yes\" data-elementor-lightbox-slideshow=\"ea255ed\" data-elementor-lightbox-title=\"stud_cetate2\" data-e-action-hash=\"#elementor-action%3Aaction%3Dlightbox%26settings%3DeyJpZCI6NDMxNywidXJsIjoiaHR0cHM6XC9cL3d3dy5nZW5lcmFsY29uc3RydWN0LnJvXC93cC1jb250ZW50XC91cGxvYWRzXC8yMDIxXC8wOVwvc3R1ZF9jZXRhdGUyLmpwZyIsInNsaWRlc2hvdyI6ImVhMjU1ZWQifQ%3D%3D\" href='https:\/\/www.generalconstruct.ro\/wp-content\/uploads\/2021\/09\/stud_cetate2.jpg'><img decoding=\"async\" width=\"300\" height=\"167\" src=\"https:\/\/www.generalconstruct.ro\/wp-content\/uploads\/2021\/09\/stud_cetate2-300x167.jpg\" class=\"attachment-medium size-medium\" alt=\"\" srcset=\"https:\/\/www.generalconstruct.ro\/wp-content\/uploads\/2021\/09\/stud_cetate2-300x167.jpg 300w, https:\/\/www.generalconstruct.ro\/wp-content\/uploads\/2021\/09\/stud_cetate2-1024x569.jpg 1024w, https:\/\/www.generalconstruct.ro\/wp-content\/uploads\/2021\/09\/stud_cetate2-768x427.jpg 768w, https:\/\/www.generalconstruct.ro\/wp-content\/uploads\/2021\/09\/stud_cetate2.jpg 1354w\" sizes=\"(max-width: 300px) 100vw, 300px\" \/><\/a>\n\t\t\t<\/div><\/figure>\n\t\t<\/div>\n\t\t<\/div>\n\t\t\t\t\t\t<\/div>\n\t\t\t\t<\/div>\n\t\t\t\t<div class=\"elementor-element elementor-element-0d728d5 elementor-widget elementor-widget-text-editor\" data-id=\"0d728d5\" data-element_type=\"widget\" data-e-type=\"widget\" data-widget_type=\"text-editor.default\">\n\t\t\t\t<div class=\"elementor-widget-container\">\n\t\t\t\t\t\t\t\t\t<p>Um das Projektthema zu l\u00f6sen, wurde das Werk in die folgenden Kategorien unterteilt: &#8222;Stuhlfestung&#8220;, &#8222;Plateau vor der Stuhlfestung von Suceava&#8220; und &#8222;Ton- und Lichtshow&#8220;.<br>Die Stuhlfestung setzt sich aus folgenden Unterkategorien zusammen: dem zentralen Musatin Festung, der Umfassungsmauer &#8222;Stefan&#8220; und der Gegenschanzenmauer.<\/p>\t\t\t\t\t\t\t\t<\/div>\n\t\t\t\t<\/div>\n\t\t\t\t<div class=\"elementor-element elementor-element-781a3f5 elementor-widget elementor-widget-text-editor\" data-id=\"781a3f5\" data-element_type=\"widget\" data-e-type=\"widget\" data-widget_type=\"text-editor.default\">\n\t\t\t\t<div class=\"elementor-widget-container\">\n\t\t\t\t\t\t\t\t\t<p><strong>Zentrale Festung Musatin<\/strong><br>Befindet sich im Herzen der Zitadelle und ist in vier Teile unterteilt.<br>Die Westseite &#8211; heute besteht sie aus zwei gro\u00dfen R\u00e4umen im Untergeschoss &#8211; den &#8222;unteren Kellern&#8220;, die auf zwei L\u00e4ngsabschnitten erbaut, durch Pfeiler und B\u00f6gen getrennt und mit halbzylindrischen Gew\u00f6lben bedeckt sind. Die S\u00fcdseite &#8211;<br>scheint im Laufe ihrer Geschichte die meisten Ver\u00e4nderungen durchgemacht zu haben. Sie bewahrt eines der alten Neben Tore der Festung, das zur Zeit Stefans des Gro\u00dfen geschlossen wurde. Die Innenw\u00e4nde des Geb\u00e4udes haben Br\u00fcche und Verwerfungen erlitten und wurden mit einer Reihe von Pf\u00e4hlen verst\u00e4rkt.<\/p>\t\t\t\t\t\t\t\t<\/div>\n\t\t\t\t<\/div>\n\t\t\t\t<div class=\"elementor-element elementor-element-25b3ab5 elementor-widget elementor-widget-text-editor\" data-id=\"25b3ab5\" data-element_type=\"widget\" data-e-type=\"widget\" data-widget_type=\"text-editor.default\">\n\t\t\t\t<div class=\"elementor-widget-container\">\n\t\t\t\t\t\t\t\t\t<p><strong>Die Ostseite &#8211; ist der einzige Teil des Geb\u00e4udes, der an seiner Au\u00dfenwand die Spuren von zwei weiteren Ebenen der ehemaligen Festung bewahrt.<\/strong> F\u00fcr die \u00dcberdachung dieses h\u00f6her gelegenen Bereichs wurde ein Satteldach gew\u00e4hlt, das jedoch zum Innenhof hin und nach Osten und Westen hin durch L\u00e4ngsmauerwerk verdeckt ist.<br>Nordseite &#8211; Die n\u00f6rdliche Umfassungsmauer folgt der Reihe von gebohrten Pilastern, die den Nordhang einschlie\u00dflich der Seitent\u00fcrme stabilisieren, wobei ein Kronenbalken \u00fcber die Enden der Pilaster gegossen wird. Die Breite der Mauer wurde auf 1,20 m festgelegt (im Vergleich zu etwa 2,40 m, die das Musatin Fort in der Realit\u00e4t gehabt h\u00e4tte) und wird aus zwei Schalen des Typs ZIA (au\u00dfen Mauerwerk und innen aus Stahlbeton) bestehen, die alle 2,0 m durch horizontale Stahlbetonplatten verbunden sind.<br>Oberhalb der Erdgeschosswand wird eine begehbare Terrasse angelegt, die mit den Terrassen der beiden Seitent\u00fcrme verbunden ist. F\u00fcr einen verk\u00fcrzten Rundgang wurde in der Nordwestecke des Nordk\u00f6rpers eine Treppe vorgesehen, die zum Raum R51 des Westk\u00f6rpers hinunterf\u00fchrt und eine Verbindung zum Innenhof hat.<\/p>\t\t\t\t\t\t\t\t<\/div>\n\t\t\t\t<\/div>\n\t\t\t\t<div class=\"elementor-element elementor-element-1852514 elementor-widget elementor-widget-text-editor\" data-id=\"1852514\" data-element_type=\"widget\" data-e-type=\"widget\" data-widget_type=\"text-editor.default\">\n\t\t\t\t<div class=\"elementor-widget-container\">\n\t\t\t\t\t\t\t\t\t<p><strong>Die Umfassungsmauer &#8222;Stefan&#8220;<\/strong><br>Die Umfassungsmauer \u201eStefan\u201c wurde 1900 nur in geringem Umfang freigelegt. Die Kenntnis seines Verlaufs und seiner Beschaffenheit wurde erst durch die arch\u00e4ologischen Forschungen der 50er und 70er Jahre erlangt, einer Zeit, in der die ersten Arbeiten zur Vervollst\u00e4ndigung und Restaurierung des Mauerwerks durchgef\u00fchrt wurden. Das heutige Bild entstand 1975, als die erste Phase der Restaurierung dieses bedeutenden Teils des monumentalen Ensembles praktisch abgeschlossen war.<br>Das vorliegende Projekt sieht f\u00fcr die Anlage &#8222;Stefan&#8220; die Wiederherstellung und Restaurierung der R\u00e4ume in den T\u00fcrmen R22\/1, R23 und R25\/2 sowie die teilweise Restaurierung des Haupttorbereichs vor.<\/p>\t\t\t\t\t\t\t\t<\/div>\n\t\t\t\t<\/div>\n\t\t\t\t<div class=\"elementor-element elementor-element-584f75d elementor-widget elementor-widget-text-editor\" data-id=\"584f75d\" data-element_type=\"widget\" data-e-type=\"widget\" data-widget_type=\"text-editor.default\">\n\t\t\t\t<div class=\"elementor-widget-container\">\n\t\t\t\t\t\t\t\t\t<p><strong>Die Steilwand<\/strong><br>Die B\u00f6schungsmauer wurde im gleichen Zeitraum wie die Umfassungsmauer \u201eStefan\u201c verst\u00e4rkt und fertiggestellt. Nach 1990 wurden die Konsolidierungs- und Sanierungsarbeiten an den Regen- und Grundwasserkan\u00e4len wieder aufgenommen. Die geplanten Arbeiten bestehen darin, die Fundamente dieses Abschnitts unter arch\u00e4ologischer Aufsicht freizulegen, die Fundamente zu restaurieren und einen \u00dcberbau aus Stahlbeton herzustellen, auf dem die Mauer neu verputzt wird.<br>Die L\u00f6sungen f\u00fcr die vertikale Systematisierung der Fl\u00e4chen wurden so gew\u00e4hlt, dass sie sich an die bestehende Situation anpassen. Die Ausgrabungen und Erdaufsch\u00fcttungen wurden an die minimalen Ver\u00e4nderungen angepasst, die durch den Verlauf des Besuchs der Festung und des Verteidigungsgrabens bedingt waren. F\u00fcr die L\u00f6sung der Wege und Verkehrsplattformen wurde die Verlegung von Natursteinplatten vorgeschlagen, die auf einem Bett aus Schotter und Sand verlegt werden. F\u00fcr das Objekt &#8222;Standseilbahn f\u00fcr den Transport von Baumaterialien und Installationen&#8220; vom Materiallager im Bereich des \u00f6stlichen Seitenpfeilers zu den Arbeitspunkten in der inneren und \u00e4u\u00dferen Umfriedung des Musatin Forts ist die Installation einer Standseilbahn f\u00fcr Materialien geplant.<br>Zur Verst\u00e4rkung der Festung ist ein elektropneumatisches Drainagesystem geplant. Das Drainagesystem soll den Grundwasserspiegel auf der gesamten H\u00f6he, der aus Bohrpf\u00e4hlen mit gro\u00dfem Durchmesser bestehenden Tragkonstruktion absenken.<\/p>\t\t\t\t\t\t\t\t<\/div>\n\t\t\t\t<\/div>\n\t\t\t\t<div class=\"elementor-element elementor-element-d85f047 elementor-widget elementor-widget-text-editor\" data-id=\"d85f047\" data-element_type=\"widget\" data-e-type=\"widget\" data-widget_type=\"text-editor.default\">\n\t\t\t\t<div class=\"elementor-widget-container\">\n\t\t\t\t\t\t\t\t\t<p><strong>Das Plateau vor der Festung Suceava<\/strong><br>F\u00fcr diesen Bereich sind Abrissarbeiten vorgesehen, um das Gel\u00e4nde der bestehenden Geb\u00e4ude auf der Westseite des Plateaus vor der Zitadelle freizumachen, die sich in einem fortgeschrittenen Zustand des physischen Verfalls befinden und daher au\u00dfer Betrieb genommen werden (das Wachhaus, die Sanit\u00e4rgruppe und die Gr\u00fcnfl\u00e4chen).<br>Auf diesem Plateau wird auch das Haus des W\u00e4chters &#8211; ein Informationszentrum &#8211; errichtet. Das Geb\u00e4ude dient als Informationsstelle f\u00fcr Touristen, als Eingangstor zum Denkmal, verf\u00fcgt \u00fcber sanit\u00e4re Einrichtungen (auch f\u00fcr Menschen mit Behinderungen) und gew\u00e4hrleistet so die Schaffung eines Rundgangs, der das historische Denkmal und der Besucher sowie den Zugang f\u00fcr Menschen mit Behinderungen aufwertet.<br>F\u00fcr die Ausstellung und den Schutz des historischen Denkmals sieht das Projekt eine Reihe von Stadtm\u00f6beln vor, die aus Holzb\u00e4nken mit Befestigungselementen aus Edelstahl und polierten Granitbl\u00f6cken, Fahrradst\u00e4ndern aus Edelstahlelementen, Fu\u00dfg\u00e4ngerbeleuchtungs-masten und Abfallbeh\u00e4ltern bestehen. In diesem Bereich wird eine leuchtende Informationstafel mit doppelter Beleuchtung, 1,00 Breite \/ 1,80 m H\u00f6he, \u00fcber die Zitadelle von Suceava und ihre Schutzzone aufgestellt. F\u00fcr die Umrahmung des Gel\u00e4ndes werden h\u00f6lzerne Pflanzgef\u00e4\u00dfe (6 St\u00fcck) vorgeschlagen, die mit speziellen traditionellen Verbindungen, und Holzn\u00e4geln hergestellt werden.<br>Das Projekt sieht selektive Reinigungsarbeiten der bestehenden Vegetation mit der Entfernung von getrockneten Pflanzen (B\u00e4ume, Str\u00e4ucher) und mit der Erhaltung wertvoller Elemente vor Ort vor. Das Projekt umfasst die Bepflanzung mit Erdballen, Blumenarrangements (Rosen, Buchsbaum, Thuja occidentalis), die Nivellierung des Gel\u00e4ndes (400 m\u00b2), das Auftragen von Mutterboden und das Anlegen von Rasenfl\u00e4chen (100 m\u00b2).<\/p>\t\t\t\t\t\t\t\t<\/div>\n\t\t\t\t<\/div>\n\t\t\t\t<div class=\"elementor-element elementor-element-05a8b94 elementor-widget elementor-widget-text-editor\" data-id=\"05a8b94\" data-element_type=\"widget\" data-e-type=\"widget\" data-widget_type=\"text-editor.default\">\n\t\t\t\t<div class=\"elementor-widget-container\">\n\t\t\t\t\t\t\t\t\t<p>Au\u00dferdem wird vorgeschlagen, in dem an die Zitadellen Terrasse angrenzenden Bereich auf einer Gesamtfl\u00e4che von 1.950,00 m\u00b2 Fahrwege und eine Plattform zum Abstellen von 20 Autos f\u00fcr Menschen mit Bewegungseinschr\u00e4nkungen, \u00e4ltere Menschen und Personal zu schaffen.<br>Um den Zugang zur Fahrbahn in diesem Bereich f\u00fcr Personen mit Bewegungseinschr\u00e4nkungen und f\u00fcr die Interventionsm\u00f6glichkeiten in Notf\u00e4llen zu begrenzen, wird vorgeschlagen, die Fahrbahn mit einer automatischen Schranke zu schlie\u00dfen.<br>Das Projekt sieht die selektive Rodung der bestehenden unkontrollierten Vegetation vor, die den Blick auf das Panorama der Zitadelle und der Stadt versperrt. Geplant ist die Anpflanzung von 25 Setzlingen, Laubb\u00e4umen (Linde, Esche, Quercus Michxborealis, Bergahorn, Ulme) und Zierstr\u00e4uchern mit Erdballen: Thuja occidentalis, Wacholder, sowie die Nivellierung und Fertigstellung des Gel\u00e4ndes (350 m\u00b2) und die Zugabe von Mutterboden f\u00fcr Rasenfl\u00e4chen (350 m\u00b2).<\/p>\t\t\t\t\t\t\t\t<\/div>\n\t\t\t\t<\/div>\n\t\t\t\t<div class=\"elementor-element elementor-element-12cbb98 elementor-widget elementor-widget-text-editor\" data-id=\"12cbb98\" data-element_type=\"widget\" data-e-type=\"widget\" data-widget_type=\"text-editor.default\">\n\t\t\t\t<div class=\"elementor-widget-container\">\n\t\t\t\t\t\t\t\t\t<p><strong>Entwicklung des Gebiets Belvedere &#8211; angeschlossene Versorgungsunternehmen<\/strong><br>\u00dcberdachung &#8211; eine f\u00fcr Parkanlagen spezifische Konstruktion mit Erdgeschossh\u00f6he und einer allseitig offenen Fl\u00e4che von 48,00 m\u00b2, die den Zweck hat, vor Niederschl\u00e4gen zu sch\u00fctzen, aber auch die mit dem Standort verbundene Ausr\u00fcstung. Die Grundrissma\u00dfe des Geb\u00e4udes betragen 6,00 m x 8,00 m, mit einer maximalen H\u00f6he von 4,90 m (am First), Nutzfl\u00e4che 42,88 m\u00b2, bebaute Fl\u00e4che 48,00 m\u00b2.<\/p>\t\t\t\t\t\t\t\t<\/div>\n\t\t\t\t<\/div>\n\t\t\t\t<div class=\"elementor-element elementor-element-7796891 elementor-widget elementor-widget-text-editor\" data-id=\"7796891\" data-element_type=\"widget\" data-e-type=\"widget\" data-widget_type=\"text-editor.default\">\n\t\t\t\t<div class=\"elementor-widget-container\">\n\t\t\t\t\t\t\t\t\t<p><strong>Ton- und Lichtshow<\/strong><br>Um die Attraktivit\u00e4t der Festung Suceava zu erh\u00f6hen und die Voraussetzungen f\u00fcr eine Verl\u00e4ngerung des Besuchsprogramms und der Saison zu schaffen, wird vorgeschlagen, eine Ton- und Lichtshow zu veranstalten, bei der Schatten auf die Innen- und Au\u00dfenmauern der Festung projiziert werden.<br>Die Show wird verschiedene Aspekte des t\u00e4glichen Lebens aus der Zitadelle im Mittelalter zeigen. So wird f\u00fcr jeden Bereich, insgesamt 15 an der Zahl, ein Film mit den Besonderheiten des Bereichs gezeigt, und zwar f\u00fcr einen genau festgelegten Zeitraum.<\/p>\t\t\t\t\t\t\t\t<\/div>\n\t\t\t\t<\/div>\n\t\t\t\t\t<\/div>\n\t\t<\/div>\n\t\t\t\t\t<\/div>\n\t\t<\/section>\n\t\t\t\t<\/div>\n\t\t","protected":false},"excerpt":{"rendered":"<p>STUDIEN PROJEKTANALYSE Sanierung der Zitadelle Suceava und ihres Schutzgebiets Das spezifische Ziel des Projekts besteht darin, die Attraktivit\u00e4t der Festung Suceava und ihres Schutzgebiets zu erh\u00f6hen, um den Tourismus zu entwickeln und das Wirtschaftswachstum von Suceava zu f\u00f6rdern.Die vorgeschlagene technische L\u00f6sung entspricht vollkommend dem Zweck und den Zielen, die sie verfolgt: Sanierung und Konsolidierung der &hellip;<\/p>\n<p class=\"read-more\"> <a class=\"\" href=\"https:\/\/www.generalconstruct.ro\/de\/sanierung-der-zitadelle-suceava-und-ihres-schutzgebiets\/\"> <span class=\"screen-reader-text\">Sanierung der Zitadelle Suceava und ihres Schutzgebiets<\/span> Weiterlesen &raquo;<\/a><\/p>\n","protected":false},"author":1,"featured_media":4314,"comment_status":"closed","ping_status":"open","sticky":false,"template":"","format":"standard","meta":{"site-sidebar-layout":"default","site-content-layout":"default","ast-main-header-display":"","ast-hfb-above-header-display":"","ast-hfb-below-header-display":"","ast-hfb-mobile-header-display":"","site-post-title":"","ast-breadcrumbs-content":"","ast-featured-img":"","footer-sml-layout":"","theme-transparent-header-meta":"default","adv-header-id-meta":"","stick-header-meta":"","header-above-stick-meta":"","header-main-stick-meta":"","header-below-stick-meta":"","footnotes":""},"categories":[32],"tags":[],"class_list":["post-5593","post","type-post","status-publish","format-standard","has-post-thumbnail","hentry","category-studien"],"_links":{"self":[{"href":"https:\/\/www.generalconstruct.ro\/de\/wp-json\/wp\/v2\/posts\/5593","targetHints":{"allow":["GET"]}}],"collection":[{"href":"https:\/\/www.generalconstruct.ro\/de\/wp-json\/wp\/v2\/posts"}],"about":[{"href":"https:\/\/www.generalconstruct.ro\/de\/wp-json\/wp\/v2\/types\/post"}],"author":[{"embeddable":true,"href":"https:\/\/www.generalconstruct.ro\/de\/wp-json\/wp\/v2\/users\/1"}],"replies":[{"embeddable":true,"href":"https:\/\/www.generalconstruct.ro\/de\/wp-json\/wp\/v2\/comments?post=5593"}],"version-history":[{"count":1,"href":"https:\/\/www.generalconstruct.ro\/de\/wp-json\/wp\/v2\/posts\/5593\/revisions"}],"predecessor-version":[{"id":5594,"href":"https:\/\/www.generalconstruct.ro\/de\/wp-json\/wp\/v2\/posts\/5593\/revisions\/5594"}],"wp:featuredmedia":[{"embeddable":true,"href":"https:\/\/www.generalconstruct.ro\/de\/wp-json\/wp\/v2\/media\/4314"}],"wp:attachment":[{"href":"https:\/\/www.generalconstruct.ro\/de\/wp-json\/wp\/v2\/media?parent=5593"}],"wp:term":[{"taxonomy":"category","embeddable":true,"href":"https:\/\/www.generalconstruct.ro\/de\/wp-json\/wp\/v2\/categories?post=5593"},{"taxonomy":"post_tag","embeddable":true,"href":"https:\/\/www.generalconstruct.ro\/de\/wp-json\/wp\/v2\/tags?post=5593"}],"curies":[{"name":"wp","href":"https:\/\/api.w.org\/{rel}","templated":true}]}}