{"id":5566,"date":"2021-09-17T10:41:14","date_gmt":"2021-09-17T07:41:14","guid":{"rendered":"https:\/\/www.generalconstruct.ro\/gheorghe-flutur-hat-den-vertrag-fuer-den-bau-der-union-hall-im-innenhof-des-verwaltungspalastes-unterzeichnet\/"},"modified":"2022-05-27T14:53:45","modified_gmt":"2022-05-27T11:53:45","slug":"gheorghe-flutur-hat-den-vertrag-fuer-den-bau-der-union-hall-im-innenhof-des-verwaltungspalastes-unterzeichnet","status":"publish","type":"post","link":"https:\/\/www.generalconstruct.ro\/de\/gheorghe-flutur-hat-den-vertrag-fuer-den-bau-der-union-hall-im-innenhof-des-verwaltungspalastes-unterzeichnet\/","title":{"rendered":"Gheorghe Flutur hat den Vertrag f\u00fcr den Bau der Union Hall im Innenhof des Verwaltungspalastes unterzeichnet"},"content":{"rendered":"\t\t<div data-elementor-type=\"wp-post\" data-elementor-id=\"5566\" class=\"elementor elementor-5566 elementor-1987\">\n\t\t\t\t\t\t<section class=\"elementor-section elementor-top-section elementor-element elementor-element-7a6f97ac elementor-section-content-middle elementor-section-boxed elementor-section-height-default elementor-section-height-default\" data-id=\"7a6f97ac\" data-element_type=\"section\" data-e-type=\"section\" data-settings=\"{&quot;background_background&quot;:&quot;classic&quot;}\">\n\t\t\t\t\t\t<div class=\"elementor-container elementor-column-gap-no\">\n\t\t\t\t\t<div class=\"elementor-column elementor-col-100 elementor-top-column elementor-element elementor-element-70ac2d1e\" data-id=\"70ac2d1e\" data-element_type=\"column\" data-e-type=\"column\">\n\t\t\t<div class=\"elementor-widget-wrap elementor-element-populated\">\n\t\t\t\t\t\t<div class=\"elementor-element elementor-element-20154fb4 elementor-widget elementor-widget-heading\" data-id=\"20154fb4\" data-element_type=\"widget\" data-e-type=\"widget\" data-widget_type=\"heading.default\">\n\t\t\t\t<div class=\"elementor-widget-container\">\n\t\t\t\t\t<span class=\"elementor-heading-title elementor-size-default\">Presse<\/span>\t\t\t\t<\/div>\n\t\t\t\t<\/div>\n\t\t\t\t<div class=\"elementor-element elementor-element-24cf5502 elementor-widget__width-auto elementor-widget elementor-widget-heading\" data-id=\"24cf5502\" data-element_type=\"widget\" data-e-type=\"widget\" data-widget_type=\"heading.default\">\n\t\t\t\t<div class=\"elementor-widget-container\">\n\t\t\t\t\t<h6 class=\"elementor-heading-title elementor-size-default\">Artikel aus der Presse<\/h6>\t\t\t\t<\/div>\n\t\t\t\t<\/div>\n\t\t\t\t<div class=\"elementor-element elementor-element-2f697fe elementor-widget elementor-widget-heading\" data-id=\"2f697fe\" data-element_type=\"widget\" data-e-type=\"widget\" data-widget_type=\"heading.default\">\n\t\t\t\t<div class=\"elementor-widget-container\">\n\t\t\t\t\t<h2 class=\"elementor-heading-title elementor-size-default\">Gheorghe Flutur hat den Vertrag f\u00fcr den Bau der Union Hall im Innenhof des Verwaltungspalastes unterzeichnet<\/h2>\t\t\t\t<\/div>\n\t\t\t\t<\/div>\n\t\t\t\t<div class=\"elementor-element elementor-element-15d7f028 elementor-widget elementor-widget-text-editor\" data-id=\"15d7f028\" data-element_type=\"widget\" data-e-type=\"widget\" data-widget_type=\"text-editor.default\">\n\t\t\t\t<div class=\"elementor-widget-container\">\n\t\t\t\t\t\t\t\t\t<p>Der Neubau wird eine bebaute Fl\u00e4che von 280 m\u00b2 und eine Nutzfl\u00e4che von 382,35 m\u00b2 haben. Der im Innenhof des Verwaltungspalastes zu errichtende Saal wird \u00fcber 195 Sitzpl\u00e4tze verf\u00fcgen, davon sechs im Pr\u00e4sidium, drei Dolmetscherkabinen, einen Technikraum, eine Garderobe und Sanit\u00e4rr\u00e4ume. Die neue Union Hall wird von der Firma General Construct gebaut.<\/p>\t\t\t\t\t\t\t\t<\/div>\n\t\t\t\t<\/div>\n\t\t\t\t<div class=\"elementor-element elementor-element-11918fcc elementor-widget elementor-widget-button\" data-id=\"11918fcc\" data-element_type=\"widget\" data-e-type=\"widget\" data-widget_type=\"button.default\">\n\t\t\t\t<div class=\"elementor-widget-container\">\n\t\t\t\t\t\t\t\t\t<div class=\"elementor-button-wrapper\">\n\t\t\t\t\t<a class=\"elementor-button elementor-button-link elementor-size-sm\" href=\"https:\/\/www.monitorulsv.ro\/Local\/2019-12-07\/Gheorghe-Flutur-a-semnat-contractul-pentru-constructia-Salii-Unirii-in-curtea-Palatului-Administrativ\" target=\"_blank\" rel=\"nofollow\">\n\t\t\t\t\t\t<span class=\"elementor-button-content-wrapper\">\n\t\t\t\t\t\t\t\t\t<span class=\"elementor-button-text\">Lesen Sie die ganze Geschichte<\/span>\n\t\t\t\t\t<\/span>\n\t\t\t\t\t<\/a>\n\t\t\t\t<\/div>\n\t\t\t\t\t\t\t\t<\/div>\n\t\t\t\t<\/div>\n\t\t\t\t\t<\/div>\n\t\t<\/div>\n\t\t\t\t\t<\/div>\n\t\t<\/section>\n\t\t\t\t<\/div>\n\t\t","protected":false},"excerpt":{"rendered":"<p>Presse Artikel aus der Presse Gheorghe Flutur hat den Vertrag f\u00fcr den Bau der Union Hall im Innenhof des Verwaltungspalastes unterzeichnet Der Neubau wird eine bebaute Fl\u00e4che von 280 m\u00b2 und eine Nutzfl\u00e4che von 382,35 m\u00b2 haben. Der im Innenhof des Verwaltungspalastes zu errichtende Saal wird \u00fcber 195 Sitzpl\u00e4tze verf\u00fcgen, davon sechs im Pr\u00e4sidium, drei &hellip;<\/p>\n<p class=\"read-more\"> <a class=\"\" href=\"https:\/\/www.generalconstruct.ro\/de\/gheorghe-flutur-hat-den-vertrag-fuer-den-bau-der-union-hall-im-innenhof-des-verwaltungspalastes-unterzeichnet\/\"> <span class=\"screen-reader-text\">Gheorghe Flutur hat den Vertrag f\u00fcr den Bau der Union Hall im Innenhof des Verwaltungspalastes unterzeichnet<\/span> Weiterlesen &raquo;<\/a><\/p>\n","protected":false},"author":1,"featured_media":4308,"comment_status":"closed","ping_status":"open","sticky":false,"template":"","format":"standard","meta":{"site-sidebar-layout":"default","site-content-layout":"default","ast-main-header-display":"","ast-hfb-above-header-display":"","ast-hfb-below-header-display":"","ast-hfb-mobile-header-display":"","site-post-title":"","ast-breadcrumbs-content":"","ast-featured-img":"","footer-sml-layout":"","theme-transparent-header-meta":"default","adv-header-id-meta":"","stick-header-meta":"","header-above-stick-meta":"","header-main-stick-meta":"","header-below-stick-meta":"","footnotes":""},"categories":[31],"tags":[],"class_list":["post-5566","post","type-post","status-publish","format-standard","has-post-thumbnail","hentry","category-presse"],"_links":{"self":[{"href":"https:\/\/www.generalconstruct.ro\/de\/wp-json\/wp\/v2\/posts\/5566","targetHints":{"allow":["GET"]}}],"collection":[{"href":"https:\/\/www.generalconstruct.ro\/de\/wp-json\/wp\/v2\/posts"}],"about":[{"href":"https:\/\/www.generalconstruct.ro\/de\/wp-json\/wp\/v2\/types\/post"}],"author":[{"embeddable":true,"href":"https:\/\/www.generalconstruct.ro\/de\/wp-json\/wp\/v2\/users\/1"}],"replies":[{"embeddable":true,"href":"https:\/\/www.generalconstruct.ro\/de\/wp-json\/wp\/v2\/comments?post=5566"}],"version-history":[{"count":1,"href":"https:\/\/www.generalconstruct.ro\/de\/wp-json\/wp\/v2\/posts\/5566\/revisions"}],"predecessor-version":[{"id":5567,"href":"https:\/\/www.generalconstruct.ro\/de\/wp-json\/wp\/v2\/posts\/5566\/revisions\/5567"}],"wp:featuredmedia":[{"embeddable":true,"href":"https:\/\/www.generalconstruct.ro\/de\/wp-json\/wp\/v2\/media\/4308"}],"wp:attachment":[{"href":"https:\/\/www.generalconstruct.ro\/de\/wp-json\/wp\/v2\/media?parent=5566"}],"wp:term":[{"taxonomy":"category","embeddable":true,"href":"https:\/\/www.generalconstruct.ro\/de\/wp-json\/wp\/v2\/categories?post=5566"},{"taxonomy":"post_tag","embeddable":true,"href":"https:\/\/www.generalconstruct.ro\/de\/wp-json\/wp\/v2\/tags?post=5566"}],"curies":[{"name":"wp","href":"https:\/\/api.w.org\/{rel}","templated":true}]}}