{"id":5554,"date":"2021-09-17T09:53:50","date_gmt":"2021-09-17T06:53:50","guid":{"rendered":"https:\/\/www.generalconstruct.ro\/vizepremierminister-daniel-suciu-war-anwesend-bei-der-unterzeichnung-von-vertraegen-fuer-investitionen-in-sucevita-todiresti-und-arbore\/"},"modified":"2022-05-27T13:06:22","modified_gmt":"2022-05-27T10:06:22","slug":"vizepremierminister-daniel-suciu-war-anwesend-bei-der-unterzeichnung-von-vertraegen-fuer-investitionen-in-sucevita-todiresti-und-arbore","status":"publish","type":"post","link":"https:\/\/www.generalconstruct.ro\/de\/vizepremierminister-daniel-suciu-war-anwesend-bei-der-unterzeichnung-von-vertraegen-fuer-investitionen-in-sucevita-todiresti-und-arbore\/","title":{"rendered":"Vizepremierminister Daniel Suciu war anwesend bei der Unterzeichnung von Vertr\u00e4gen f\u00fcr Investitionen in Sucevita, Todiresti und Arbore"},"content":{"rendered":"\t\t<div data-elementor-type=\"wp-post\" data-elementor-id=\"5554\" class=\"elementor elementor-5554 elementor-1939\">\n\t\t\t\t\t\t<section class=\"elementor-section elementor-top-section elementor-element elementor-element-3cd024a8 elementor-section-content-middle elementor-section-boxed elementor-section-height-default elementor-section-height-default\" data-id=\"3cd024a8\" data-element_type=\"section\" data-e-type=\"section\" data-settings=\"{&quot;background_background&quot;:&quot;classic&quot;}\">\n\t\t\t\t\t\t<div class=\"elementor-container elementor-column-gap-no\">\n\t\t\t\t\t<div class=\"elementor-column elementor-col-100 elementor-top-column elementor-element elementor-element-3eaf3bff\" data-id=\"3eaf3bff\" data-element_type=\"column\" data-e-type=\"column\">\n\t\t\t<div class=\"elementor-widget-wrap elementor-element-populated\">\n\t\t\t\t\t\t<div class=\"elementor-element elementor-element-69a4f24f elementor-widget elementor-widget-heading\" data-id=\"69a4f24f\" data-element_type=\"widget\" data-e-type=\"widget\" data-widget_type=\"heading.default\">\n\t\t\t\t<div class=\"elementor-widget-container\">\n\t\t\t\t\t<span class=\"elementor-heading-title elementor-size-default\">Presse<\/span>\t\t\t\t<\/div>\n\t\t\t\t<\/div>\n\t\t\t\t<div class=\"elementor-element elementor-element-445bf15d elementor-widget__width-auto elementor-widget elementor-widget-heading\" data-id=\"445bf15d\" data-element_type=\"widget\" data-e-type=\"widget\" data-widget_type=\"heading.default\">\n\t\t\t\t<div class=\"elementor-widget-container\">\n\t\t\t\t\t<h6 class=\"elementor-heading-title elementor-size-default\">Artikel aus der Presse<\/h6>\t\t\t\t<\/div>\n\t\t\t\t<\/div>\n\t\t\t\t<div class=\"elementor-element elementor-element-df10fd2 elementor-widget elementor-widget-heading\" data-id=\"df10fd2\" data-element_type=\"widget\" data-e-type=\"widget\" data-widget_type=\"heading.default\">\n\t\t\t\t<div class=\"elementor-widget-container\">\n\t\t\t\t\t<h2 class=\"elementor-heading-title elementor-size-default\">Vizepremierminister Daniel Suciu war anwesend bei der Unterzeichnung von Vertr\u00e4gen f\u00fcr Investitionen in Sucevita, Todiresti und Arbore<\/h2>\t\t\t\t<\/div>\n\t\t\t\t<\/div>\n\t\t\t\t<div class=\"elementor-element elementor-element-795d3ad1 elementor-widget elementor-widget-text-editor\" data-id=\"795d3ad1\" data-element_type=\"widget\" data-e-type=\"widget\" data-widget_type=\"text-editor.default\">\n\t\t\t\t<div class=\"elementor-widget-container\">\n\t\t\t\t\t\t\t\t\t<p>Der stellvertretende Premierminister Daniel Suciu zeigte sich erfreut \u00fcber den Bau des Kulturzentrums im Kloster Putna. Der Minister f\u00fcr regionale Entwicklung nahm an der \u00dcbergabe des st\u00e4dtischen Kulturzentrums &#8222;Iacob Putneanul&#8220; im Kloster Putna teil, das von der Firma General Construct aus Suceava gebaut wurde.<\/p>\t\t\t\t\t\t\t\t<\/div>\n\t\t\t\t<\/div>\n\t\t\t\t<div class=\"elementor-element elementor-element-d2fb09f elementor-widget elementor-widget-button\" data-id=\"d2fb09f\" data-element_type=\"widget\" data-e-type=\"widget\" data-widget_type=\"button.default\">\n\t\t\t\t<div class=\"elementor-widget-container\">\n\t\t\t\t\t\t\t\t\t<div class=\"elementor-button-wrapper\">\n\t\t\t\t\t<a class=\"elementor-button elementor-button-link elementor-size-sm\" href=\"https:\/\/www.monitorulsv.ro\/Local\/2019-05-03\/Vicepremierul-Daniel-Suciu-prezent-la-semnarea-unor-contracte-pentru-investitii-de-aproape-14-milioane-de-lei-in-Sucevita-Todiresti-si-Arbore#iacob%20putneanul\" target=\"_blank\" rel=\"nofollow\">\n\t\t\t\t\t\t<span class=\"elementor-button-content-wrapper\">\n\t\t\t\t\t\t\t\t\t<span class=\"elementor-button-text\">Lesen Sie die ganze Geschichte<\/span>\n\t\t\t\t\t<\/span>\n\t\t\t\t\t<\/a>\n\t\t\t\t<\/div>\n\t\t\t\t\t\t\t\t<\/div>\n\t\t\t\t<\/div>\n\t\t\t\t\t<\/div>\n\t\t<\/div>\n\t\t\t\t\t<\/div>\n\t\t<\/section>\n\t\t\t\t<\/div>\n\t\t","protected":false},"excerpt":{"rendered":"<p>Presse Artikel aus der Presse Vizepremierminister Daniel Suciu war anwesend bei der Unterzeichnung von Vertr\u00e4gen f\u00fcr Investitionen in Sucevita, Todiresti und Arbore Der stellvertretende Premierminister Daniel Suciu zeigte sich erfreut \u00fcber den Bau des Kulturzentrums im Kloster Putna. Der Minister f\u00fcr regionale Entwicklung nahm an der \u00dcbergabe des st\u00e4dtischen Kulturzentrums &#8222;Iacob Putneanul&#8220; im Kloster Putna &hellip;<\/p>\n<p class=\"read-more\"> <a class=\"\" href=\"https:\/\/www.generalconstruct.ro\/de\/vizepremierminister-daniel-suciu-war-anwesend-bei-der-unterzeichnung-von-vertraegen-fuer-investitionen-in-sucevita-todiresti-und-arbore\/\"> <span class=\"screen-reader-text\">Vizepremierminister Daniel Suciu war anwesend bei der Unterzeichnung von Vertr\u00e4gen f\u00fcr Investitionen in Sucevita, Todiresti und Arbore<\/span> Weiterlesen &raquo;<\/a><\/p>\n","protected":false},"author":1,"featured_media":4302,"comment_status":"closed","ping_status":"open","sticky":false,"template":"","format":"standard","meta":{"site-sidebar-layout":"default","site-content-layout":"default","ast-main-header-display":"","ast-hfb-above-header-display":"","ast-hfb-below-header-display":"","ast-hfb-mobile-header-display":"","site-post-title":"","ast-breadcrumbs-content":"","ast-featured-img":"","footer-sml-layout":"","theme-transparent-header-meta":"default","adv-header-id-meta":"","stick-header-meta":"","header-above-stick-meta":"","header-main-stick-meta":"","header-below-stick-meta":"","footnotes":""},"categories":[31],"tags":[],"class_list":["post-5554","post","type-post","status-publish","format-standard","has-post-thumbnail","hentry","category-presse"],"_links":{"self":[{"href":"https:\/\/www.generalconstruct.ro\/de\/wp-json\/wp\/v2\/posts\/5554","targetHints":{"allow":["GET"]}}],"collection":[{"href":"https:\/\/www.generalconstruct.ro\/de\/wp-json\/wp\/v2\/posts"}],"about":[{"href":"https:\/\/www.generalconstruct.ro\/de\/wp-json\/wp\/v2\/types\/post"}],"author":[{"embeddable":true,"href":"https:\/\/www.generalconstruct.ro\/de\/wp-json\/wp\/v2\/users\/1"}],"replies":[{"embeddable":true,"href":"https:\/\/www.generalconstruct.ro\/de\/wp-json\/wp\/v2\/comments?post=5554"}],"version-history":[{"count":1,"href":"https:\/\/www.generalconstruct.ro\/de\/wp-json\/wp\/v2\/posts\/5554\/revisions"}],"predecessor-version":[{"id":5555,"href":"https:\/\/www.generalconstruct.ro\/de\/wp-json\/wp\/v2\/posts\/5554\/revisions\/5555"}],"wp:featuredmedia":[{"embeddable":true,"href":"https:\/\/www.generalconstruct.ro\/de\/wp-json\/wp\/v2\/media\/4302"}],"wp:attachment":[{"href":"https:\/\/www.generalconstruct.ro\/de\/wp-json\/wp\/v2\/media?parent=5554"}],"wp:term":[{"taxonomy":"category","embeddable":true,"href":"https:\/\/www.generalconstruct.ro\/de\/wp-json\/wp\/v2\/categories?post=5554"},{"taxonomy":"post_tag","embeddable":true,"href":"https:\/\/www.generalconstruct.ro\/de\/wp-json\/wp\/v2\/tags?post=5554"}],"curies":[{"name":"wp","href":"https:\/\/api.w.org\/{rel}","templated":true}]}}